{"id":6437,"date":"2019-04-17T21:21:49","date_gmt":"2019-04-17T21:21:49","guid":{"rendered":"https:\/\/www.kljb-badlippspringe.de\/?p=6437"},"modified":"2019-04-17T21:21:49","modified_gmt":"2019-04-17T21:21:49","slug":"jahreshauptversammlung","status":"publish","type":"post","link":"https:\/\/www.kljb-badlippspringe.de\/?p=6437","title":{"rendered":"Jahreshauptversammlung"},"content":{"rendered":"<p><img loading=\"lazy\" decoding=\"async\" class=\"aligncenter wp-image-1428 size-large\" src=\"https:\/\/www.kljb-badlippspringe.de\/wp-content\/uploads\/2019\/03\/IMG_0068-1024x683.jpg\" alt=\"\" width=\"780\" height=\"520\" srcset=\"https:\/\/www.kljb-badlippspringe.de\/wp-content\/uploads\/2019\/03\/IMG_0068-1024x683.jpg 1024w, https:\/\/www.kljb-badlippspringe.de\/wp-content\/uploads\/2019\/03\/IMG_0068-300x200.jpg 300w, https:\/\/www.kljb-badlippspringe.de\/wp-content\/uploads\/2019\/03\/IMG_0068-768x512.jpg 768w\" sizes=\"(max-width: 780px) 100vw, 780px\" \/><\/p>\n<p>&nbsp;<\/p>\n<p>Die diesj\u00e4hrige Jahreshauptversammlung der KLJB Bad Lippspringe fand bereits am 19.01.2019 in der Lindenh\u00fctte statt. Der Bericht \u00fcber das vergangene Jahr war gepr\u00e4gt von vielf\u00e4ltigen Aktionen im Rahmen der Gartenschau. Auf der Adlerwiese war die KLJB Bad Lippspringe immer wieder in Zusammenarbeit mit dem \u00f6rtlichen Landwirtschaftsverein aktiv und hat die Themenschwerpunkte sowie den Auf- und Abbau tatkr\u00e4ftig unterst\u00fctzt. Viele neue Kontakte konnten so gekn\u00fcpft und gepflegt werden und ebenso viele sch\u00f6ne Stunden haben die Mitglieder auf der Gartenschau verlebt.<\/p>\n<p>In diesem Jahr fahren wir mit unserer Jugendgruppe im Zuge der Deutsch-Irischen Partnerschaftsinitiative nach Irland zu unserer Partnerstadt Newbridge.<\/p>\n<p>&nbsp;Im Verlauf der Jahreshauptversammlung fanden in diesem Jahr umfangreiche Vorstands- und Leiterrundenwahlen statt. Zum einen wurden Marc Schmidt als H\u00fcttenwart sowie Thiemo Ludmann als 1. Kassierer nach mehrj\u00e4hriger Leiterrundenarbeit abgel\u00f6st. Zum anderen wurden&nbsp; der Essenswart&nbsp; Martin Blome, der Medienwart&nbsp; Julian Schmidt und die kirchliche Beisitzerin Rowena Buchmann &nbsp;nach ihrer Leiterrundenarbeit verabschiedet. Jens Tofall wurde als 1. Vorsitzender und Maik G\u00fcsen als Getr\u00e4nkewart wiedergew\u00e4hlt. Neu in die Leiterrunde gew\u00e4hlt wurde Patrick Hi\u00dfmann als neuer H\u00fcttenwart. Jannik Sanftenberg &nbsp;wechselte sein Amt und wurde zum stellvertretenden Kassierer gew\u00e4hlt. Die amtierende Leiterrunde besteht somit aktuell aus acht Personen im Alter von 18 bis 24 Jahren.<\/p>\n<p>Als Ausblick auf dieses Jahr kann bereits verraten werden, dass wieder ein Ehemaligenabend stattfindet, &nbsp;an welchem sich die ehemaligen Mitglieder der KLJB Bad Lippspringe zusammenfinden und unter anderem beim traditionellen Runkelwerfen der Runkelk\u00f6nig unter den ehemaligen Mitgliedern ihnen &nbsp;ermittelt wird.<\/p>\n","protected":false},"excerpt":{"rendered":"<p>&nbsp; Die diesj\u00e4hrige Jahreshauptversammlung der KLJB Bad Lippspringe fand bereits am 19.01.2019 in der Lindenh\u00fctte statt. Der Bericht \u00fcber das vergangene Jahr war gepr\u00e4gt von vielf\u00e4ltigen Aktionen im Rahmen der Gartenschau. Auf der Adlerwiese war die KLJB Bad Lippspringe immer wieder in Zusammenarbeit mit dem \u00f6rtlichen Landwirtschaftsverein aktiv und hat die Themenschwerpunkte sowie den Auf- <a class=\"more-link\" href=\"https:\/\/www.kljb-badlippspringe.de\/?p=6437\">Weiterlesen &#8230;<\/a><\/p>\n","protected":false},"author":2,"featured_media":0,"comment_status":"closed","ping_status":"closed","sticky":false,"template":"","format":"standard","meta":{"ngg_post_thumbnail":0,"footnotes":""},"categories":[5],"tags":[],"_links":{"self":[{"href":"https:\/\/www.kljb-badlippspringe.de\/index.php?rest_route=\/wp\/v2\/posts\/6437"}],"collection":[{"href":"https:\/\/www.kljb-badlippspringe.de\/index.php?rest_route=\/wp\/v2\/posts"}],"about":[{"href":"https:\/\/www.kljb-badlippspringe.de\/index.php?rest_route=\/wp\/v2\/types\/post"}],"author":[{"embeddable":true,"href":"https:\/\/www.kljb-badlippspringe.de\/index.php?rest_route=\/wp\/v2\/users\/2"}],"replies":[{"embeddable":true,"href":"https:\/\/www.kljb-badlippspringe.de\/index.php?rest_route=%2Fwp%2Fv2%2Fcomments&post=6437"}],"version-history":[{"count":1,"href":"https:\/\/www.kljb-badlippspringe.de\/index.php?rest_route=\/wp\/v2\/posts\/6437\/revisions"}],"predecessor-version":[{"id":6438,"href":"https:\/\/www.kljb-badlippspringe.de\/index.php?rest_route=\/wp\/v2\/posts\/6437\/revisions\/6438"}],"wp:attachment":[{"href":"https:\/\/www.kljb-badlippspringe.de\/index.php?rest_route=%2Fwp%2Fv2%2Fmedia&parent=6437"}],"wp:term":[{"taxonomy":"category","embeddable":true,"href":"https:\/\/www.kljb-badlippspringe.de\/index.php?rest_route=%2Fwp%2Fv2%2Fcategories&post=6437"},{"taxonomy":"post_tag","embeddable":true,"href":"https:\/\/www.kljb-badlippspringe.de\/index.php?rest_route=%2Fwp%2Fv2%2Ftags&post=6437"}],"curies":[{"name":"wp","href":"https:\/\/api.w.org\/{rel}","templated":true}]}}