{"id":6505,"date":"2023-03-01T12:42:11","date_gmt":"2023-03-01T12:42:11","guid":{"rendered":"https:\/\/www.kljb-badlippspringe.de\/?p=6505"},"modified":"2023-03-01T12:42:11","modified_gmt":"2023-03-01T12:42:11","slug":"der-vorstand-2023","status":"publish","type":"post","link":"https:\/\/www.kljb-badlippspringe.de\/?p=6505","title":{"rendered":"Der Vorstand 2023"},"content":{"rendered":"<p>Der Vorstand der KLJB Bad Lippspringe setzt sich, in diesem Jahr, aus 10 Leuten zusammen. Die beiden Vorsitzenden, sowie zwei Kassierer, zwei Schriftf\u00fchrer, einen H\u00fcttenwart, einen Getr\u00e4nkewart, einen Jugendwart und einen Fahnenbeauftragten.<br \/>\nDie Vorstandsmitglieder k\u00fcmmern sich um die F\u00fchrung des Vereins und die Planung der Vereinsveranstaltungen.<br \/>\nKontakt: &#119;&#x65;b&#109;&#x61;&#115;&#x74;e&#114;&#x40;k&#x6c;&#x6a;&#98;&#x2d;b&#97;&#x64;l&#x69;&#x70;&#112;&#x73;p&#114;&#x69;&#110;&#x67;e&#46;&#x64;e<\/p>\n","protected":false},"excerpt":{"rendered":"<p>Der Vorstand der KLJB Bad Lippspringe setzt sich, in diesem Jahr, aus 10 Leuten zusammen. Die beiden Vorsitzenden, sowie zwei Kassierer, zwei Schriftf\u00fchrer, einen H\u00fcttenwart, einen Getr\u00e4nkewart, einen Jugendwart und einen Fahnenbeauftragten. Die Vorstandsmitglieder k\u00fcmmern sich um die F\u00fchrung des Vereins und die Planung der Vereinsveranstaltungen. Kontakt: &#x77;&#x65;&#x62;&#x6d;&#x61;&#x73;&#x74;&#x65;&#x72;&#x40;&#x6b;&#x6c;&#x6a;&#x62;&#45;&#98;&#97;&#100;&#108;&#105;&#112;&#112;&#115;&#112;&#114;inge&#46;de<\/p>\n","protected":false},"author":10,"featured_media":6478,"comment_status":"closed","ping_status":"closed","sticky":false,"template":"","format":"standard","meta":{"ngg_post_thumbnail":0,"footnotes":""},"categories":[5,13],"tags":[],"_links":{"self":[{"href":"https:\/\/www.kljb-badlippspringe.de\/index.php?rest_route=\/wp\/v2\/posts\/6505"}],"collection":[{"href":"https:\/\/www.kljb-badlippspringe.de\/index.php?rest_route=\/wp\/v2\/posts"}],"about":[{"href":"https:\/\/www.kljb-badlippspringe.de\/index.php?rest_route=\/wp\/v2\/types\/post"}],"author":[{"embeddable":true,"href":"https:\/\/www.kljb-badlippspringe.de\/index.php?rest_route=\/wp\/v2\/users\/10"}],"replies":[{"embeddable":true,"href":"https:\/\/www.kljb-badlippspringe.de\/index.php?rest_route=%2Fwp%2Fv2%2Fcomments&post=6505"}],"version-history":[{"count":1,"href":"https:\/\/www.kljb-badlippspringe.de\/index.php?rest_route=\/wp\/v2\/posts\/6505\/revisions"}],"predecessor-version":[{"id":6506,"href":"https:\/\/www.kljb-badlippspringe.de\/index.php?rest_route=\/wp\/v2\/posts\/6505\/revisions\/6506"}],"wp:featuredmedia":[{"embeddable":true,"href":"https:\/\/www.kljb-badlippspringe.de\/index.php?rest_route=\/wp\/v2\/media\/6478"}],"wp:attachment":[{"href":"https:\/\/www.kljb-badlippspringe.de\/index.php?rest_route=%2Fwp%2Fv2%2Fmedia&parent=6505"}],"wp:term":[{"taxonomy":"category","embeddable":true,"href":"https:\/\/www.kljb-badlippspringe.de\/index.php?rest_route=%2Fwp%2Fv2%2Fcategories&post=6505"},{"taxonomy":"post_tag","embeddable":true,"href":"https:\/\/www.kljb-badlippspringe.de\/index.php?rest_route=%2Fwp%2Fv2%2Ftags&post=6505"}],"curies":[{"name":"wp","href":"https:\/\/api.w.org\/{rel}","templated":true}]}}